{"id":8728,"date":"2025-08-15T17:29:29","date_gmt":"2025-08-15T15:29:29","guid":{"rendered":"https:\/\/www.ff-blindenmarkt.at\/?p=8728"},"modified":"2025-08-15T17:29:30","modified_gmt":"2025-08-15T15:29:30","slug":"brandmeldealarm-in-einem-gewerbebetrieb","status":"publish","type":"post","link":"https:\/\/www.ff-blindenmarkt.at\/?p=8728","title":{"rendered":"Brandmeldealarm in einem Gewerbebetrieb"},"content":{"rendered":"\n\n\n<p class=\"p1\"><span class=\"s1\">Am Freitag, dem 15. August 2025, wurde die Freiwillige Feuerwehr Blindenmarkt um 14:04 Uhr gemeinsam mit der \u00f6rtlich zust\u00e4ndigen Feuerwehr St. Georgen am Ybbsfelde zu einem Brandmeldeanlagenalarm in einem Gewerbebetrieb in St. Georgen am Ybbsfelde alarmiert.<\/span><!--more--><\/p>\n<p class=\"p1\"><span class=\"s1\">Bereits w\u00e4hrend der Anfahrt r\u00fcstete sich ein Atemschutztrupp (drei Mitglieder) f\u00fcr einen m\u00f6glichen Innenangriff aus.<\/span><\/p>\n<p class=\"p1\"><span class=\"s1\">Nach einer kurzen Lagebesprechung mit dem Einsatzleiter der Feuerwehr St. Georgen wurde unser Trupp \u2013 parallel zu einem bereits eingesetzten Atemschutztrupp aus St. Georgen \u2013 zur Erkundung ins Geb\u00e4ude geschickt.<\/span><\/p>\n<p class=\"p1\"><span class=\"s1\">Gl\u00fccklicherweise konnte kein Brandherd festgestellt werden, sodass kein weiterer Einsatz erforderlich war.<\/span><\/p>\n<p class=\"p1\"><span class=\"s1\">Die Freiwillige Feuerwehr Blindenmarkt stand mit elf Mitgliedern, dem Vorausr\u00fcstfahrzeug und dem HLF3-T rund eine Stunde im Einsatz.<\/span><\/p>\n\n\n\n\n<style type=\"text\/css\">\n#foogallery-gallery-8726 .fg-image { width: 150px; }\n#foogallery-gallery-8726 { --fg-gutter: 10px; }<\/style>\n\t\t\t<div class=\"foogallery foogallery-container foogallery-default foogallery-lightbox-foogallery fg-center fg-default fg-ready fg-light fg-border-thin fg-shadow-outline fg-loading-default fg-loaded-fade-in fg-caption-hover fg-hover-fade fg-hover-zoom\" id=\"foogallery-gallery-8726\" data-foogallery=\"{&quot;item&quot;:{&quot;showCaptionTitle&quot;:true,&quot;showCaptionDescription&quot;:true},&quot;lazy&quot;:true}\" data-foogallery-lightbox=\"{&quot;thumbs&quot;:&quot;bottom&quot;,&quot;thumbsCaptions&quot;:false,&quot;thumbsBestFit&quot;:false,&quot;thumbsSmall&quot;:false,&quot;thumbsCaptionsAlign&quot;:&quot;default&quot;,&quot;info&quot;:&quot;bottom&quot;,&quot;infoVisible&quot;:true,&quot;infoOverlay&quot;:true,&quot;infoAlign&quot;:&quot;default&quot;,&quot;transition&quot;:&quot;fade&quot;,&quot;hoverButtons&quot;:false,&quot;fitMedia&quot;:false,&quot;noScrollbars&quot;:true,&quot;preserveButtonSpace&quot;:true,&quot;buttons&quot;:{&quot;fullscreen&quot;:true,&quot;info&quot;:true,&quot;thumbs&quot;:false},&quot;video&quot;:{&quot;autoPlay&quot;:true}}\" style=\"--fg-title-line-clamp: 0; --fg-description-line-clamp: 0;\" >\n\t<div class=\"fg-item fg-type-image fg-idle\"><figure class=\"fg-item-inner\"><a href=\"https:\/\/www.ff-blindenmarkt.at\/wp-content\/uploads\/2025\/08\/53ae9437-08d9-4945-bd76-5bb95d41bc2b.jpeg\" data-attachment-id=\"8727\" data-type=\"image\" class=\"fg-thumb\"><span class=\"fg-image-wrap\"><img decoding=\"async\" width=\"150\" height=\"150\" class=\"skip-lazy fg-image\" data-src-fg=\"https:\/\/www.ff-blindenmarkt.at\/wp-content\/uploads\/cache\/2025\/08\/53ae9437-08d9-4945-bd76-5bb95d41bc2b\/1187179567.jpeg\" src=\"data:image\/svg+xml,%3Csvg%20xmlns%3D%22http%3A%2F%2Fwww.w3.org%2F2000%2Fsvg%22%20width%3D%22150%22%20height%3D%22150%22%20viewBox%3D%220%200%20150%20150%22%3E%3C%2Fsvg%3E\" loading=\"eager\"><\/span><span class=\"fg-image-overlay\"><\/span><\/a><\/figure><div class=\"fg-loader\"><\/div><\/div><\/div>\n","protected":false},"excerpt":{"rendered":"<p>Am Freitag, dem 15. August 2025, wurde die Freiwillige Feuerwehr Blindenmarkt um 14:04 Uhr gemeinsam mit der \u00f6rtlich zust\u00e4ndigen Feuerwehr St. Georgen am Ybbsfelde zu einem Brandmeldeanlagenalarm in einem Gewerbebetrieb [&hellip;]<\/p>\n","protected":false},"author":11,"featured_media":8727,"comment_status":"closed","ping_status":"open","sticky":false,"template":"","format":"standard","meta":{"_acf_changed":false,"footnotes":""},"categories":[10],"tags":[],"class_list":["post-8728","post","type-post","status-publish","format-standard","has-post-thumbnail","hentry","category-uncategorised-aktuelles"],"acf":[],"_links":{"self":[{"href":"https:\/\/www.ff-blindenmarkt.at\/index.php?rest_route=\/wp\/v2\/posts\/8728","targetHints":{"allow":["GET"]}}],"collection":[{"href":"https:\/\/www.ff-blindenmarkt.at\/index.php?rest_route=\/wp\/v2\/posts"}],"about":[{"href":"https:\/\/www.ff-blindenmarkt.at\/index.php?rest_route=\/wp\/v2\/types\/post"}],"author":[{"embeddable":true,"href":"https:\/\/www.ff-blindenmarkt.at\/index.php?rest_route=\/wp\/v2\/users\/11"}],"replies":[{"embeddable":true,"href":"https:\/\/www.ff-blindenmarkt.at\/index.php?rest_route=%2Fwp%2Fv2%2Fcomments&post=8728"}],"version-history":[{"count":1,"href":"https:\/\/www.ff-blindenmarkt.at\/index.php?rest_route=\/wp\/v2\/posts\/8728\/revisions"}],"predecessor-version":[{"id":8729,"href":"https:\/\/www.ff-blindenmarkt.at\/index.php?rest_route=\/wp\/v2\/posts\/8728\/revisions\/8729"}],"wp:featuredmedia":[{"embeddable":true,"href":"https:\/\/www.ff-blindenmarkt.at\/index.php?rest_route=\/wp\/v2\/media\/8727"}],"wp:attachment":[{"href":"https:\/\/www.ff-blindenmarkt.at\/index.php?rest_route=%2Fwp%2Fv2%2Fmedia&parent=8728"}],"wp:term":[{"taxonomy":"category","embeddable":true,"href":"https:\/\/www.ff-blindenmarkt.at\/index.php?rest_route=%2Fwp%2Fv2%2Fcategories&post=8728"},{"taxonomy":"post_tag","embeddable":true,"href":"https:\/\/www.ff-blindenmarkt.at\/index.php?rest_route=%2Fwp%2Fv2%2Ftags&post=8728"}],"curies":[{"name":"wp","href":"https:\/\/api.w.org\/{rel}","templated":true}]}}