{"id":254,"date":"2017-12-15T16:49:29","date_gmt":"2017-12-15T15:49:29","guid":{"rendered":"http:\/\/www.ff-blindenmarkt.eu\/?p=254"},"modified":"2018-03-04T21:17:30","modified_gmt":"2018-03-04T20:17:30","slug":"lkw-faehrt-in-zu-niedrige-unterfuehrung-lenker-verletzt","status":"publish","type":"post","link":"https:\/\/www.ff-blindenmarkt.at\/?p=254","title":{"rendered":"Lkw f\u00e4hrt in zu niedrige Unterf\u00fchrung &#8211; Lenker verletzt"},"content":{"rendered":"<p>Noch w\u00e4hrend den Nachbereitungsarbeiten der Menschenrettung vom Vormittag, kam es am 15.12.2017 um ca. 13:10 Uhr bereits zum n\u00e4chsten Einsatz.\u00a0<\/p>\n<p><!--more--><\/p>\n<p>Mehrere Kameraden befanden sich noch im Feuerwehrhaus, als ein lauter Knall zu h\u00f6ren war. Ein Klein &#8211; Lkw fuhr in der Auhofstra\u00dfe, direkt neben dem Feuerwehrhaus, in die f\u00fcr das Fahrzeug zu niedrige Eisenbahnunterf\u00fchrung und blieb in der Folge stecken. Der Lenker des Fahrzeug wurde durch den Unfall verletzt, konnte sein Fahrzug aber aus eigener Kraft verlassen.\u00a0<br \/>\n Sofort eilten die anwesenden Mitglieder mit dem HLF 3 &#8211; T zur Hilfe, versorgten den leicht verlezten Lenker, sicherten die Einsatzstelle ab und f\u00fchrten die Alarmierung von Rettung und Polizei durch.\u00a0<br \/>\n Nachdem der Verletzte abtransportiert war, wurde die Bergung des schwer besch\u00e4digten Unfallfarzeugs durchgef\u00fchrt. Dabei kamen die Seilwinde des HLF 3 &#8211; T, sowie der Ladekran des schweren R\u00fcstfahrzeugs zum Einsatz.\u00a0<\/p>\n<p> Nach etwa 1,5 Stunden konnte wieder einger\u00fcckt und die Einsatzbereitschaft hergestellt werden. Einsatzleiter war OBI Thomas Pitzl.\u00a0<\/p>\n<p>Fotos und Bericht: Lukas Klammer\u00a0<\/p>\n<style type=\"text\/css\">\n#foogallery-gallery-403 .fg-image { width: 150px; }\n#foogallery-gallery-403 { --fg-gutter: 10px; }<\/style>\n\t\t\t<div class=\"foogallery foogallery-container foogallery-default foogallery-lightbox-foobox fg-center fg-default fg-ready fg-light fg-border-thin fg-shadow-outline fg-loading-default fg-loaded-fade-in fg-caption-hover fg-hover-fade fg-hover-zoom\" id=\"foogallery-gallery-403\" data-foogallery=\"{&quot;item&quot;:{&quot;showCaptionTitle&quot;:true,&quot;showCaptionDescription&quot;:true},&quot;lazy&quot;:true}\" style=\"--fg-title-line-clamp: 0; --fg-description-line-clamp: 0;\" >\n\t<div class=\"fg-item fg-type-image fg-idle\"><figure class=\"fg-item-inner\"><a href=\"https:\/\/www.ff-blindenmarkt.at\/wp-content\/uploads\/2018\/01\/20171215T2-4.jpg\" data-attachment-id=\"400\" data-type=\"image\" class=\"fg-thumb\"><span class=\"fg-image-wrap\"><img decoding=\"async\" width=\"150\" height=\"150\" class=\"skip-lazy fg-image\" data-src-fg=\"https:\/\/www.ff-blindenmarkt.at\/wp-content\/uploads\/cache\/2018\/01\/20171215T2-4\/366887785.jpg\" src=\"data:image\/svg+xml,%3Csvg%20xmlns%3D%22http%3A%2F%2Fwww.w3.org%2F2000%2Fsvg%22%20width%3D%22150%22%20height%3D%22150%22%20viewBox%3D%220%200%20150%20150%22%3E%3C%2Fsvg%3E\" loading=\"eager\"><\/span><span class=\"fg-image-overlay\"><\/span><\/a><\/figure><div class=\"fg-loader\"><\/div><\/div><div class=\"fg-item fg-type-image fg-idle\"><figure class=\"fg-item-inner\"><a href=\"https:\/\/www.ff-blindenmarkt.at\/wp-content\/uploads\/2018\/01\/20171215T2-1.jpg\" data-attachment-id=\"397\" data-type=\"image\" class=\"fg-thumb\"><span class=\"fg-image-wrap\"><img decoding=\"async\" width=\"150\" height=\"150\" class=\"skip-lazy fg-image\" data-src-fg=\"https:\/\/www.ff-blindenmarkt.at\/wp-content\/uploads\/cache\/2018\/01\/20171215T2-1\/2497526166.jpg\" src=\"data:image\/svg+xml,%3Csvg%20xmlns%3D%22http%3A%2F%2Fwww.w3.org%2F2000%2Fsvg%22%20width%3D%22150%22%20height%3D%22150%22%20viewBox%3D%220%200%20150%20150%22%3E%3C%2Fsvg%3E\" loading=\"eager\"><\/span><span class=\"fg-image-overlay\"><\/span><\/a><\/figure><div class=\"fg-loader\"><\/div><\/div><div class=\"fg-item fg-type-image fg-idle\"><figure class=\"fg-item-inner\"><a href=\"https:\/\/www.ff-blindenmarkt.at\/wp-content\/uploads\/2018\/01\/20171215T2-2-e1517563775125.jpg\" data-attachment-id=\"398\" data-type=\"image\" class=\"fg-thumb\"><span class=\"fg-image-wrap\"><img decoding=\"async\" width=\"150\" height=\"150\" class=\"skip-lazy fg-image\" data-src-fg=\"https:\/\/www.ff-blindenmarkt.at\/wp-content\/uploads\/cache\/2018\/01\/20171215T2-2-e1517563775125\/557586263.jpg\" src=\"data:image\/svg+xml,%3Csvg%20xmlns%3D%22http%3A%2F%2Fwww.w3.org%2F2000%2Fsvg%22%20width%3D%22150%22%20height%3D%22150%22%20viewBox%3D%220%200%20150%20150%22%3E%3C%2Fsvg%3E\" loading=\"eager\"><\/span><span class=\"fg-image-overlay\"><\/span><\/a><\/figure><div class=\"fg-loader\"><\/div><\/div><\/div>\n\n","protected":false},"excerpt":{"rendered":"<p>Noch w\u00e4hrend den Nachbereitungsarbeiten der Menschenrettung vom Vormittag, kam es am 15.12.2017 um ca. 13:10 Uhr bereits zum n\u00e4chsten Einsatz.\u00a0<\/p>\n","protected":false},"author":2,"featured_media":911,"comment_status":"closed","ping_status":"open","sticky":false,"template":"","format":"standard","meta":{"_acf_changed":false,"footnotes":""},"categories":[10],"tags":[46],"class_list":["post-254","post","type-post","status-publish","format-standard","has-post-thumbnail","hentry","category-uncategorised-aktuelles","tag-einsatz"],"acf":[],"_links":{"self":[{"href":"https:\/\/www.ff-blindenmarkt.at\/index.php?rest_route=\/wp\/v2\/posts\/254","targetHints":{"allow":["GET"]}}],"collection":[{"href":"https:\/\/www.ff-blindenmarkt.at\/index.php?rest_route=\/wp\/v2\/posts"}],"about":[{"href":"https:\/\/www.ff-blindenmarkt.at\/index.php?rest_route=\/wp\/v2\/types\/post"}],"author":[{"embeddable":true,"href":"https:\/\/www.ff-blindenmarkt.at\/index.php?rest_route=\/wp\/v2\/users\/2"}],"replies":[{"embeddable":true,"href":"https:\/\/www.ff-blindenmarkt.at\/index.php?rest_route=%2Fwp%2Fv2%2Fcomments&post=254"}],"version-history":[{"count":4,"href":"https:\/\/www.ff-blindenmarkt.at\/index.php?rest_route=\/wp\/v2\/posts\/254\/revisions"}],"predecessor-version":[{"id":406,"href":"https:\/\/www.ff-blindenmarkt.at\/index.php?rest_route=\/wp\/v2\/posts\/254\/revisions\/406"}],"wp:featuredmedia":[{"embeddable":true,"href":"https:\/\/www.ff-blindenmarkt.at\/index.php?rest_route=\/wp\/v2\/media\/911"}],"wp:attachment":[{"href":"https:\/\/www.ff-blindenmarkt.at\/index.php?rest_route=%2Fwp%2Fv2%2Fmedia&parent=254"}],"wp:term":[{"taxonomy":"category","embeddable":true,"href":"https:\/\/www.ff-blindenmarkt.at\/index.php?rest_route=%2Fwp%2Fv2%2Fcategories&post=254"},{"taxonomy":"post_tag","embeddable":true,"href":"https:\/\/www.ff-blindenmarkt.at\/index.php?rest_route=%2Fwp%2Fv2%2Ftags&post=254"}],"curies":[{"name":"wp","href":"https:\/\/api.w.org\/{rel}","templated":true}]}}